{"id":155,"date":"2022-07-25T12:00:53","date_gmt":"2022-07-25T12:00:53","guid":{"rendered":"https:\/\/flager.pl\/blog\/?p=155"},"modified":"2022-07-25T10:30:11","modified_gmt":"2022-07-25T10:30:11","slug":"flagi-na-zamowienie-wybierz-nas","status":"publish","type":"post","link":"https:\/\/flager.pl\/blog\/flagi-reklamowe\/flagi-na-zamowienie-wybierz-nas\/","title":{"rendered":"Flagi na zam\u00f3wienie \u2013 wybierz nas"},"content":{"rendered":"<p style=\"text-align: justify\"><strong>Trwa\u0142o\u015bci i jako\u015bci flag wykonywanych na zam\u00f3wienie nie da si\u0119 por\u00f3wna\u0107 z flagami tworzonymi masowo i sprzedawanymi w sieci market\u00f3w. We Flager.pl produkujemy flagi zgodnie z Pa\u0144stwa projektem oraz potrzebami \u2013 niezale\u017cnie od okazji czy bran\u017cy. Jakie flagi znajduj\u0105 si\u0119 w naszej ofercie i dlaczego warto w nie zainwestowa\u0107?<\/strong><\/p>\n<h2 style=\"text-align: justify\">Flagi na zam\u00f3wienie<\/h2>\n<p style=\"text-align: justify\">W firmie Flager.pl wiemy, jak wa\u017cna jest widoczna z daleka reklama. Niezale\u017cnie od tego, czy poszukuj\u0105 Pa\u0144stwo flagi reklamowej w postaci windera, czy flagi na poch\u00f3d w formie transparentu, stworzymy dok\u0142adnie to, na czym Pa\u0144stwu zale\u017cy. Mo\u017cemy umie\u015bci\u0107 na nich dowolne has\u0142a i grafiki \u2013 wedle indywidualnych potrzeb Klienta. Podczas produkcji flag zawsze sugerujemy si\u0119 Pa\u0144stwa projektem \u2013 mo\u017cemy r\u00f3wnie\u017c stworzy\u0107 go wsp\u00f3lnie. Co wa\u017cne, nasz druk zapewnia idealne odwzorowanie ka\u017cdego projektu graficznego. Nasze windery i flagi wykonywane s\u0105 z wytrzyma\u0142ych materia\u0142\u00f3w, odpornych na r\u00f3\u017cne czynniki zewn\u0119trzne oraz warunki atmosferyczne. Nasze produkty trafiaj\u0105 do Klient\u00f3w z rozmaitych bran\u017c \u2013 m.in. gastronomicznej, motoryzacyjnej, medycznej czy ubezpieczeniowej. Pojawiaj\u0105 si\u0119 one r\u00f3wnie\u017c na wydarzeniach bran\u017cowych, eventach sportowych, meczach, manifestacjach i pochodach. To zas\u0142uga ich r\u00f3\u017cnorodno\u015bci \u2013 tworzymy flagi w przer\u00f3\u017cnych kszta\u0142tach, rozmiarach, te na drzewcach flagowych i te na maszt. Wi\u0119kszo\u015b\u0107 z nich jest wyj\u0105tkowo \u0142atwa w transporcie i monta\u017cu, co stanowi ich du\u017cy atut.<\/p>\n<h2 style=\"text-align: justify\">Flagi dla stowarzysze\u0144<\/h2>\n<p style=\"text-align: justify\">Jedn\u0105 z grup, kt\u00f3re cz\u0119sto decyduj\u0105 si\u0119 na skorzystanie z us\u0142ug Flager.pl, s\u0105 r\u00f3\u017cnego rodzaju stowarzyszenia. Flaga to doskona\u0142a forma promocji i narz\u0119dzie reprezentacyjne dla organizacji. Flagi stowarzyszenia mog\u0105 by\u0107 wywieszane podczas rozmaitych wydarze\u0144 lub ca\u0142y czas sta\u0107 przed jego siedzib\u0105, przykuwaj\u0105c uwag\u0119 przechodni\u00f3w. We Flager.pl tworzymy flagi w r\u00f3\u017cnych rozmiarach, dzi\u0119ki czemu mo\u017cemy dopasowa\u0107 je idealnie do danego eventu lub przestrzeni. Te stoj\u0105ce na zewn\u0105trz s\u0105 zazwyczaj wi\u0119ksze i stabilniejsze \u2013 dzi\u0119ki temu nie przewracaj\u0105 ich nawet wi\u0119ksze podmuchy wiatru. Produkty Flager.pl sprawdz\u0105 si\u0119 podczas wszelkiego rodzaju imprez charytatywnych, koncert\u00f3w czy piknik\u00f3w rodzinnych. Specjalnie na te okazje mo\u017cemy stworzy\u0107 r\u00f3wnie\u017c niewielkie chor\u0105giewki, kt\u00f3re mog\u0105 by\u0107 p\u00f3\u017aniej wr\u0119czane uczestnikom. Ma\u0142e flagi wykonujemy zar\u00f3wno z tkaniny flagowej, jak r\u00f3wnie\u017c ze sztywnego papieru. Drugi wariant chor\u0105giewek umo\u017cliwia lepsze wyeksponowanie has\u0142a, grafiki, nazwy stowarzyszenia b\u0105d\u017a nazwy eventu.<\/p>\n<h2 style=\"text-align: justify\">Flagi na eventy i marsze du\u017cych grup<\/h2>\n<p style=\"text-align: justify\">Demonstracje, pochody i marsze to wydarzenia, podczas kt\u00f3rych flagi s\u0105 niemal konieczno\u015bci\u0105. Ich uczestnicy umieszczaj\u0105 na flagach propagandowe tre\u015bci \u2013 has\u0142a lub postulaty \u2013 wyra\u017caj\u0105c tym samym swoje opinie na dany temat. We Flager.pl nie zapomnieli\u015bmy o uczestnikach strajk\u00f3w i marsz\u00f3w \u2013 nasze flagi na zam\u00f3wienie tworzone s\u0105 tak\u017ce na te okazje. To g\u0142\u00f3wnie flagi na drewnianych drzewcach z materia\u0142u flagowego lub banerowego, Najcz\u0119\u015bciej tworzywo to jest sporych rozmiar\u00f3w \u2013 dzi\u0119ki temu flagi s\u0105 widoczne nawet w wi\u0119kszym t\u0142umie protestuj\u0105cych ludzi, a has\u0142o lub rysunek mo\u017cna odczyta\u0107 z du\u017cej odleg\u0142o\u015bci. Flagi w formie transparent\u00f3w sprawiaj\u0105, \u017ce osoby protestuj\u0105ce s\u0105 zauwa\u017cane \u2013 udaj\u0105c si\u0119 na jakikolwiek poch\u00f3d, warto wi\u0119c zaopatrzy\u0107 si\u0119 w co najmniej jedn\u0105 z nich. Do\u015bwiadczeni specjali\u015bci Flager.pl pomog\u0105 Pa\u0144stwu stworzy\u0107 flag\u0119, kt\u00f3ra przykuje uwag\u0119 ka\u017cdego!<\/p>\n<h2 style=\"text-align: justify\">Flagi z logotypami<\/h2>\n<p style=\"text-align: justify\">We Flager.pl tworzymy flagi z logotypami firm z niemal ka\u017cdej bran\u017cy. Niezale\u017cnie od tego, czy dzia\u0142aj\u0105 Pa\u0144stwo na obszarze zwi\u0105zanym z gastronomi\u0105, sportem czy mechanik\u0105 samochodow\u0105 \u2013 zaprojektujemy flag\u0119 reklamow\u0105 zgodnie z Pa\u0144stwa potrzebami. Kszta\u0142t flagi dobieramy do kszta\u0142tu logo \u2013 tak, aby by\u0142o ono jak najlepiej wyeksponowane. Przygotowuj\u0105c flag\u0119 z logotypem, zwracamy uwag\u0119 r\u00f3wnie\u017c na u\u017cyte kolory. Barwy wykorzystane na flagach wp\u0142ywaj\u0105 bowiem na zapami\u0119tywanie i przykuwaj\u0105 wzrok przechodni\u00f3w. Nie mog\u0105 one zatem r\u00f3\u017cni\u0107 si\u0119 od rzeczywistej palety, wykorzystanej podczas projektowania samego logo. Drukujemy w kolorystyce CMYK, a wi\u0119c projekty powinny by\u0107 przygotowane w tej przestrzeni barwnej, w przeciwnym razie zostan\u0105 one automatycznie zamienione na CMYK. T\u0142o flagi dopasowujemy do logotypu w taki spos\u00f3b, aby nie t\u0142umi\u0142 on kolor\u00f3w znaku marki, lecz dodatkowo je uwydatnia\u0142.<\/p>\n<h2 style=\"text-align: justify\">Flagi z has\u0142ami<\/h2>\n<p style=\"text-align: justify\">Opr\u00f3cz flag z logo i grafik\u0105, we Flager.pl tworzymy r\u00f3wnie\u017c te z r\u00f3\u017cnego rodzaju has\u0142ami. Mowa m.in. o okrzykach kibic\u00f3w czy has\u0142ach motywacyjnych \u2013 to ten typ flag, kt\u00f3ry sprawdza si\u0119 idealnie g\u0142\u00f3wnie podczas event\u00f3w sportowych i mecz\u00f3w. Wykonujemy r\u00f3wnie\u017c flagi z chwytliwymi has\u0142ami zach\u0119caj\u0105cymi do skorzystania z oferty firmy \u2013 cz\u0119sto dzia\u0142aj\u0105 one zdecydowanie lepiej ni\u017c te z sam\u0105 nazw\u0105 i logotypem firmy. Podczas projektowania flag dbamy o to, aby rozmiar tekstu nie by\u0142 za ma\u0142y lub zbyt du\u017cy. Dobieramy r\u00f3wnie\u017c odpowiedni\u0105 czcionk\u0119, dzi\u0119ki kt\u00f3rej has\u0142o jest wyra\u017ane i widoczne nawet z wi\u0119kszej odleg\u0142o\u015bci. Je\u017celi tekstu jest na fladze zbyt du\u017co, przechodnie cz\u0119sto rezygnuj\u0105 z jego przeczytania. Kr\u00f3tkie has\u0142a i wyra\u017cenia to najlepszy spos\u00f3b na szybkie i skuteczne przyci\u0105gni\u0119cie uwagi!<\/p>\n<h2 style=\"text-align: justify\">Flagi upami\u0119tniaj\u0105ce wa\u017cne wydarzenia<\/h2>\n<p style=\"text-align: justify\">We Flager.pl zajmujemy si\u0119 r\u00f3wnie\u017c produkcj\u0105 flag upami\u0119tniaj\u0105cych wa\u017cne historyczne wydarzenia. To bardzo dobre rozwi\u0105zanie na obchody jubileusz\u00f3w, koncerty czy marsze z okazji r\u00f3\u017cnego rodzaju rocznic. Tworzymy m.in. flagi w barwach narodowych, idealne na obchody \u015awi\u0119ta Flagi, Narodowego \u015awi\u0119ta Niepodleg\u0142o\u015bci czy Narodowego Dnia Pami\u0119ci Powstania Warszawskiego. Mowa zar\u00f3wno o flagach na drzewcach, jak r\u00f3wnie\u017c tych do przymocowania w oknie lub postawienia przed budynkiem.<\/p>\n","protected":false},"excerpt":{"rendered":"<p>Trwa\u0142o\u015bci i jako\u015bci flag wykonywanych na zam\u00f3wienie nie da si\u0119 por\u00f3wna\u0107 z flagami tworzonymi masowo i sprzedawanymi w sieci market\u00f3w. We Flager.pl produkujemy flagi zgodnie z Pa\u0144stwa projektem oraz potrzebami \u2013 niezale\u017cnie od okazji czy bran\u017cy. Jakie flagi znajduj\u0105 si\u0119 w naszej ofercie i dlaczego warto w nie zainwestowa\u0107? Flagi na zam\u00f3wienie W firmie Flager.pl [&hellip;]<\/p>\n","protected":false},"author":2,"featured_media":156,"comment_status":"open","ping_status":"open","sticky":false,"template":"","format":"standard","meta":{"footnotes":""},"categories":[6],"tags":[18,17,19,8],"yoast_head":"<!-- This site is optimized with the Yoast SEO plugin v22.2 - https:\/\/yoast.com\/wordpress\/plugins\/seo\/ -->\n<title>Flagi na zam\u00f3wienie \u2013 wybierz nas - Flager.pl - blog<\/title>\n<meta name=\"robots\" content=\"index, follow, max-snippet:-1, max-image-preview:large, max-video-preview:-1\" \/>\n<link rel=\"canonical\" href=\"https:\/\/flager.pl\/blog\/flagi-reklamowe\/flagi-na-zamowienie-wybierz-nas\/\" \/>\n<meta property=\"og:locale\" content=\"pl_PL\" \/>\n<meta property=\"og:type\" content=\"article\" \/>\n<meta property=\"og:title\" content=\"Flagi na zam\u00f3wienie \u2013 wybierz nas - Flager.pl - blog\" \/>\n<meta property=\"og:description\" content=\"Trwa\u0142o\u015bci i jako\u015bci flag wykonywanych na zam\u00f3wienie nie da si\u0119 por\u00f3wna\u0107 z flagami tworzonymi masowo i sprzedawanymi w sieci market\u00f3w. We Flager.pl produkujemy flagi zgodnie z Pa\u0144stwa projektem oraz potrzebami \u2013 niezale\u017cnie od okazji czy bran\u017cy. Jakie flagi znajduj\u0105 si\u0119 w naszej ofercie i dlaczego warto w nie zainwestowa\u0107? Flagi na zam\u00f3wienie W firmie Flager.pl [&hellip;]\" \/>\n<meta property=\"og:url\" content=\"https:\/\/flager.pl\/blog\/flagi-reklamowe\/flagi-na-zamowienie-wybierz-nas\/\" \/>\n<meta property=\"og:site_name\" content=\"Flager.pl - blog\" \/>\n<meta property=\"article:published_time\" content=\"2022-07-25T12:00:53+00:00\" \/>\n<meta property=\"article:modified_time\" content=\"2022-07-25T10:30:11+00:00\" \/>\n<meta property=\"og:image\" content=\"https:\/\/flager.pl\/blog\/wp-content\/uploads\/2022\/07\/Flagi-na-zamA\u00b3wienie-a\u0080\u0093-wybierz-nas.jpg\" \/>\n\t<meta property=\"og:image:width\" content=\"1920\" \/>\n\t<meta property=\"og:image:height\" content=\"1080\" \/>\n\t<meta property=\"og:image:type\" content=\"image\/jpeg\" \/>\n<meta name=\"author\" content=\"Setugo\" \/>\n<meta name=\"twitter:card\" content=\"summary_large_image\" \/>\n<meta name=\"twitter:label1\" content=\"Napisane przez\" \/>\n\t<meta name=\"twitter:data1\" content=\"Setugo\" \/>\n\t<meta name=\"twitter:label2\" content=\"Szacowany czas czytania\" \/>\n\t<meta name=\"twitter:data2\" content=\"5 minut\" \/>\n<script type=\"application\/ld+json\" class=\"yoast-schema-graph\">{\"@context\":\"https:\/\/schema.org\",\"@graph\":[{\"@type\":\"WebPage\",\"@id\":\"https:\/\/flager.pl\/blog\/flagi-reklamowe\/flagi-na-zamowienie-wybierz-nas\/\",\"url\":\"https:\/\/flager.pl\/blog\/flagi-reklamowe\/flagi-na-zamowienie-wybierz-nas\/\",\"name\":\"Flagi na zam\u00f3wienie \u2013 wybierz nas - Flager.pl - blog\",\"isPartOf\":{\"@id\":\"https:\/\/flager.pl\/blog\/#website\"},\"primaryImageOfPage\":{\"@id\":\"https:\/\/flager.pl\/blog\/flagi-reklamowe\/flagi-na-zamowienie-wybierz-nas\/#primaryimage\"},\"image\":{\"@id\":\"https:\/\/flager.pl\/blog\/flagi-reklamowe\/flagi-na-zamowienie-wybierz-nas\/#primaryimage\"},\"thumbnailUrl\":\"https:\/\/flager.pl\/blog\/wp-content\/uploads\/2022\/07\/Flagi-na-zamA\u00b3wienie-a\u0080\u0093-wybierz-nas.jpg\",\"datePublished\":\"2022-07-25T12:00:53+00:00\",\"dateModified\":\"2022-07-25T10:30:11+00:00\",\"author\":{\"@id\":\"https:\/\/flager.pl\/blog\/#\/schema\/person\/d55dc323f021c0e93ef9492d3e60b863\"},\"inLanguage\":\"pl-PL\",\"potentialAction\":[{\"@type\":\"ReadAction\",\"target\":[\"https:\/\/flager.pl\/blog\/flagi-reklamowe\/flagi-na-zamowienie-wybierz-nas\/\"]}]},{\"@type\":\"ImageObject\",\"inLanguage\":\"pl-PL\",\"@id\":\"https:\/\/flager.pl\/blog\/flagi-reklamowe\/flagi-na-zamowienie-wybierz-nas\/#primaryimage\",\"url\":\"https:\/\/flager.pl\/blog\/wp-content\/uploads\/2022\/07\/Flagi-na-zamA\u00b3wienie-a\u0080\u0093-wybierz-nas.jpg\",\"contentUrl\":\"https:\/\/flager.pl\/blog\/wp-content\/uploads\/2022\/07\/Flagi-na-zamA\u00b3wienie-a\u0080\u0093-wybierz-nas.jpg\",\"width\":1920,\"height\":1080},{\"@type\":\"WebSite\",\"@id\":\"https:\/\/flager.pl\/blog\/#website\",\"url\":\"https:\/\/flager.pl\/blog\/\",\"name\":\"Flager.pl - blog\",\"description\":\"Flagi reklamowe, windery - blog ekspercki\",\"potentialAction\":[{\"@type\":\"SearchAction\",\"target\":{\"@type\":\"EntryPoint\",\"urlTemplate\":\"https:\/\/flager.pl\/blog\/?s={search_term_string}\"},\"query-input\":\"required name=search_term_string\"}],\"inLanguage\":\"pl-PL\"},{\"@type\":\"Person\",\"@id\":\"https:\/\/flager.pl\/blog\/#\/schema\/person\/d55dc323f021c0e93ef9492d3e60b863\",\"name\":\"Setugo\",\"image\":{\"@type\":\"ImageObject\",\"inLanguage\":\"pl-PL\",\"@id\":\"https:\/\/flager.pl\/blog\/#\/schema\/person\/image\/\",\"url\":\"https:\/\/secure.gravatar.com\/avatar\/1abd14b32c24d8b369bd39eaee141849?s=96&d=mm&r=g\",\"contentUrl\":\"https:\/\/secure.gravatar.com\/avatar\/1abd14b32c24d8b369bd39eaee141849?s=96&d=mm&r=g\",\"caption\":\"Setugo\"},\"url\":\"https:\/\/flager.pl\/blog\/author\/setugo\/\"}]}<\/script>\n<!-- \/ Yoast SEO plugin. -->","yoast_head_json":{"title":"Flagi na zam\u00f3wienie \u2013 wybierz nas - Flager.pl - blog","robots":{"index":"index","follow":"follow","max-snippet":"max-snippet:-1","max-image-preview":"max-image-preview:large","max-video-preview":"max-video-preview:-1"},"canonical":"https:\/\/flager.pl\/blog\/flagi-reklamowe\/flagi-na-zamowienie-wybierz-nas\/","og_locale":"pl_PL","og_type":"article","og_title":"Flagi na zam\u00f3wienie \u2013 wybierz nas - Flager.pl - blog","og_description":"Trwa\u0142o\u015bci i jako\u015bci flag wykonywanych na zam\u00f3wienie nie da si\u0119 por\u00f3wna\u0107 z flagami tworzonymi masowo i sprzedawanymi w sieci market\u00f3w. We Flager.pl produkujemy flagi zgodnie z Pa\u0144stwa projektem oraz potrzebami \u2013 niezale\u017cnie od okazji czy bran\u017cy. Jakie flagi znajduj\u0105 si\u0119 w naszej ofercie i dlaczego warto w nie zainwestowa\u0107? Flagi na zam\u00f3wienie W firmie Flager.pl [&hellip;]","og_url":"https:\/\/flager.pl\/blog\/flagi-reklamowe\/flagi-na-zamowienie-wybierz-nas\/","og_site_name":"Flager.pl - blog","article_published_time":"2022-07-25T12:00:53+00:00","article_modified_time":"2022-07-25T10:30:11+00:00","og_image":[{"width":1920,"height":1080,"url":"https:\/\/flager.pl\/blog\/wp-content\/uploads\/2022\/07\/Flagi-na-zamA\u00b3wienie-a\u0080\u0093-wybierz-nas.jpg","type":"image\/jpeg"}],"author":"Setugo","twitter_card":"summary_large_image","twitter_misc":{"Napisane przez":"Setugo","Szacowany czas czytania":"5 minut"},"schema":{"@context":"https:\/\/schema.org","@graph":[{"@type":"WebPage","@id":"https:\/\/flager.pl\/blog\/flagi-reklamowe\/flagi-na-zamowienie-wybierz-nas\/","url":"https:\/\/flager.pl\/blog\/flagi-reklamowe\/flagi-na-zamowienie-wybierz-nas\/","name":"Flagi na zam\u00f3wienie \u2013 wybierz nas - Flager.pl - blog","isPartOf":{"@id":"https:\/\/flager.pl\/blog\/#website"},"primaryImageOfPage":{"@id":"https:\/\/flager.pl\/blog\/flagi-reklamowe\/flagi-na-zamowienie-wybierz-nas\/#primaryimage"},"image":{"@id":"https:\/\/flager.pl\/blog\/flagi-reklamowe\/flagi-na-zamowienie-wybierz-nas\/#primaryimage"},"thumbnailUrl":"https:\/\/flager.pl\/blog\/wp-content\/uploads\/2022\/07\/Flagi-na-zamA\u00b3wienie-a\u0080\u0093-wybierz-nas.jpg","datePublished":"2022-07-25T12:00:53+00:00","dateModified":"2022-07-25T10:30:11+00:00","author":{"@id":"https:\/\/flager.pl\/blog\/#\/schema\/person\/d55dc323f021c0e93ef9492d3e60b863"},"inLanguage":"pl-PL","potentialAction":[{"@type":"ReadAction","target":["https:\/\/flager.pl\/blog\/flagi-reklamowe\/flagi-na-zamowienie-wybierz-nas\/"]}]},{"@type":"ImageObject","inLanguage":"pl-PL","@id":"https:\/\/flager.pl\/blog\/flagi-reklamowe\/flagi-na-zamowienie-wybierz-nas\/#primaryimage","url":"https:\/\/flager.pl\/blog\/wp-content\/uploads\/2022\/07\/Flagi-na-zamA\u00b3wienie-a\u0080\u0093-wybierz-nas.jpg","contentUrl":"https:\/\/flager.pl\/blog\/wp-content\/uploads\/2022\/07\/Flagi-na-zamA\u00b3wienie-a\u0080\u0093-wybierz-nas.jpg","width":1920,"height":1080},{"@type":"WebSite","@id":"https:\/\/flager.pl\/blog\/#website","url":"https:\/\/flager.pl\/blog\/","name":"Flager.pl - blog","description":"Flagi reklamowe, windery - blog ekspercki","potentialAction":[{"@type":"SearchAction","target":{"@type":"EntryPoint","urlTemplate":"https:\/\/flager.pl\/blog\/?s={search_term_string}"},"query-input":"required name=search_term_string"}],"inLanguage":"pl-PL"},{"@type":"Person","@id":"https:\/\/flager.pl\/blog\/#\/schema\/person\/d55dc323f021c0e93ef9492d3e60b863","name":"Setugo","image":{"@type":"ImageObject","inLanguage":"pl-PL","@id":"https:\/\/flager.pl\/blog\/#\/schema\/person\/image\/","url":"https:\/\/secure.gravatar.com\/avatar\/1abd14b32c24d8b369bd39eaee141849?s=96&d=mm&r=g","contentUrl":"https:\/\/secure.gravatar.com\/avatar\/1abd14b32c24d8b369bd39eaee141849?s=96&d=mm&r=g","caption":"Setugo"},"url":"https:\/\/flager.pl\/blog\/author\/setugo\/"}]}},"_links":{"self":[{"href":"https:\/\/flager.pl\/blog\/wp-json\/wp\/v2\/posts\/155"}],"collection":[{"href":"https:\/\/flager.pl\/blog\/wp-json\/wp\/v2\/posts"}],"about":[{"href":"https:\/\/flager.pl\/blog\/wp-json\/wp\/v2\/types\/post"}],"author":[{"embeddable":true,"href":"https:\/\/flager.pl\/blog\/wp-json\/wp\/v2\/users\/2"}],"replies":[{"embeddable":true,"href":"https:\/\/flager.pl\/blog\/wp-json\/wp\/v2\/comments?post=155"}],"version-history":[{"count":3,"href":"https:\/\/flager.pl\/blog\/wp-json\/wp\/v2\/posts\/155\/revisions"}],"predecessor-version":[{"id":159,"href":"https:\/\/flager.pl\/blog\/wp-json\/wp\/v2\/posts\/155\/revisions\/159"}],"wp:featuredmedia":[{"embeddable":true,"href":"https:\/\/flager.pl\/blog\/wp-json\/wp\/v2\/media\/156"}],"wp:attachment":[{"href":"https:\/\/flager.pl\/blog\/wp-json\/wp\/v2\/media?parent=155"}],"wp:term":[{"taxonomy":"category","embeddable":true,"href":"https:\/\/flager.pl\/blog\/wp-json\/wp\/v2\/categories?post=155"},{"taxonomy":"post_tag","embeddable":true,"href":"https:\/\/flager.pl\/blog\/wp-json\/wp\/v2\/tags?post=155"}],"curies":[{"name":"wp","href":"https:\/\/api.w.org\/{rel}","templated":true}]}}