{"id":158,"date":"2022-07-15T12:00:51","date_gmt":"2022-07-15T12:00:51","guid":{"rendered":"https:\/\/flager.pl\/blog\/?p=158"},"modified":"2022-07-25T10:33:21","modified_gmt":"2022-07-25T10:33:21","slug":"dekoracje-patriotyczne-z-materialu-flagowego-abc","status":"publish","type":"post","link":"https:\/\/flager.pl\/blog\/flagi-reklamowe\/dekoracje-patriotyczne-z-materialu-flagowego-abc\/","title":{"rendered":"Dekoracje patriotyczne z materia\u0142u flagowego \u2013 abc"},"content":{"rendered":"<p style=\"text-align: justify\"><strong>Ozdoby patriotyczne to akcesoria, kt\u00f3re podkre\u015blaj\u0105 charakter \u015bwi\u0119ta narodowego i przypominaj\u0105 nam o obchodzonej rocznicy. Flagi wywieszane w oknach, kotyliony przy marynarkach czy wst\u0105\u017cki na samochodowe lusterka \u2013 wbrew pozorom, wszystkie te dekoracje wci\u0105\u017c ciesz\u0105 si\u0119 popularno\u015bci\u0105.<\/strong><\/p>\n<h2 style=\"text-align: justify\">Materia\u0142 flagowy \u2013 czym si\u0119 charakteryzuje?<\/h2>\n<p style=\"text-align: justify\">Tkanina flagowa, z kt\u00f3rej wykonujemy flagi patriotyczne we Flager.pl, to materia\u0142 poliestrowy o gramaturze 120 g\/mkw. Wyr\u00f3\u017cnia si\u0119 on du\u017c\u0105 wytrzyma\u0142o\u015bci\u0105 i odporno\u015bci\u0105 na trudniejsze warunki atmosferyczne, takie jak intensywny wiatr, opady deszczu i \u015bniegu czy promienie s\u0142oneczne. Jest on odporny tak\u017ce na inne zniszczenia oraz zabrudzenia. Du\u017cym atutem jest r\u00f3wnie\u017c jego lekko\u015b\u0107 \u2013 je\u015bli materia\u0142 jest za ci\u0119\u017cki, flaga nie mo\u017ce swobodnie powiewa\u0107 na wietrze. Ponadto, tkanina bardzo szybko schnie, jest przewiewna i odporna na zagniecenia. Cyfrowy nadruk na poliestrze gwarantuje z kolei idealne odwzorowanie barw. Materia\u0142 flagowy wykorzystywany we Flager.pl zdaje egzamin w niemal ka\u017cdych warunkach pogodowych.<\/p>\n<h2 style=\"text-align: justify\">Flagi w barwach narodowych<\/h2>\n<p style=\"text-align: justify\">Flagi w barwach narodowych to akcesoria, po kt\u00f3re wi\u0119kszo\u015b\u0107 z nas si\u0119ga w takie dni jak \u015awi\u0119to Flagi czy \u015awi\u0119to Narodowe Trzeciego Maja. Widniej\u0105 one zar\u00f3wno na budynkach instytucji rz\u0105dowych, urz\u0119d\u00f3w, szk\u00f3\u0142 czy ko\u015bcio\u0142\u00f3w, jak r\u00f3wnie\u017c przy oknach blok\u00f3w mieszkaniowych i dom\u00f3w prywatnych. Flaga narodowa stanowi najpopularniejsz\u0105 dekoracj\u0119 patriotyczn\u0105 \u2013 dlatego we Flager.pl tworzymy na zam\u00f3wienie r\u00f3wnie\u017c ten rodzaj flag! S\u0105 one obszywane na kraw\u0119dziach i wyka\u0144czane zgodnie z \u017cyczeniem Klienta. Co wa\u017cne, mog\u0105 one by\u0107 u\u017cywane na kilka r\u00f3\u017cnych sposob\u00f3w. Pierwszym z nich jest monta\u017c na maszcie stacjonarnym. Flagi mo\u017cna tak\u017ce zamontowa\u0107 na ogrodzeniu lub trzyma\u0107 w r\u0119kach w trakcie pochodu. Wiele zale\u017cy od rodzaju wybranej flagi. We Flager.pl tworzymy flagi z r\u00f3\u017cnego rodzaju wyzako\u0144czeniami \u2013 m.in. karabi\u0144czykami, metalowymi oczkami, tunelami lub wyko\u0144czeniem \u201e\u017ceglarskim\u201d. Nadruk na flagach patriotycznych jest nadrukiem jednostronnym \u2013 materia\u0142 flagowy jest jednak ca\u0142kowicie transparentny. Dzi\u0119ki temu na drugiej stronie doskonale wida\u0107 lustrzane odbicie god\u0142a czy patriotycznego napisu. Ponadto, flagi mo\u017cna bez przeszk\u00f3d sk\u0142ada\u0107 lub zwija\u0107 do transportu. Dzi\u0119ki temu zajmuj\u0105 one niewiele miejsca \u2013 to ich kolejna du\u017ca zaleta.<\/p>\n<h2 style=\"text-align: justify\">Nie tylko dekoracje patriotyczne \u2013 co jeszcze zam\u00f3wi\u0105 Pa\u0144stwo we Flager.pl?<\/h2>\n<p style=\"text-align: justify\">Je\u017celi opr\u00f3cz flag narodowych na domy czy siedzib\u0119 firmy poszukuj\u0105 Pa\u0144stwo innych flag \u2013 np. reklamowych \u2013 we Flager.pl wykonujemy je na zam\u00f3wienie. Elementem oferty, kt\u00f3ry wzbudza najwi\u0119ksze zainteresowanie naszych Klient\u00f3w, s\u0105 windery \u2013 flagi reklamowe na maszcie. Mowa zar\u00f3wno o winderach zewn\u0119trznych, jak i wewn\u0119trznych. To jeden ze najskuteczniejszych sposob\u00f3w na promocj\u0119 firmy i zwr\u00f3cenie uwagi kolejnych potencjalnych klient\u00f3w. Doskonale sprawdzaj\u0105 si\u0119 one nie tylko postawione przed siedzib\u0105 firmy, ale i podczas rozmaitych event\u00f3w bran\u017cowych. Wykonujemy windery w trzech najpopularniejszych kszta\u0142tach \u2013 prostok\u0105ta, \u0142ezki oraz \u0142uku. To maszty z flagami odporne na uszkodzenia i nawet najtrudniejsze warunki pogodowe. Opr\u00f3cz winder\u00f3w reklamowych, we Flager.pl tworzymy tak\u017ce tradycyjne flagi do maszt\u00f3w kotwionych w gruncie \u2013 zar\u00f3wno te w orientacji poziomej, jak i pionowej. Na Pa\u0144stwa zam\u00f3wienie mo\u017cemy wykona\u0107 r\u00f3wnie\u017c chor\u0105giewki reklamowe \u2013 idealne do wr\u0119czania klientom podczas rozmaitych wydarze\u0144. Ponadto, z my\u015bl\u0105 o kibicach dru\u017cyn, sportowcach i w\u0142a\u015bcicielach klub\u00f3w sportowych, produkujemy tak\u017ce flagi sportowe. Stanowi\u0105 one \u015bwietny spos\u00f3b na wyra\u017cenie solidarno\u015bci z cz\u0142onkami danego klubu i pokazanie przynale\u017cno\u015bci do spo\u0142eczno\u015bci kibic\u00f3w. W naszej ofercie znajduj\u0105 si\u0119 nie tylko flagi dla dru\u017cyn sportowych czy mniejsze flagi do trzymania w r\u0119kach \u2013 np. na trybunach \u2013 ale i flagi sektorowe znacznie wi\u0119kszych rozmiar\u00f3w.<\/p>\n<p style=\"text-align: justify\">Efektowne flagi, wst\u0105\u017cki oraz kotyliony w bia\u0142o-czerwonych barwach to idealny spos\u00f3b na wyra\u017cenie solidarno\u015bci ze swoim pa\u0144stwem i \u015bwi\u0119towanie wa\u017cnych \u015bwi\u0105t narodowych. We Flager.pl tworzymy flagi narodowe z tkaniny flagowej w dowolnym rozmiarze \u2013 wszystko zale\u017cy od Pa\u0144stwa indywidualnych potrzeb. Wykonamy zar\u00f3wno du\u017cych rozmiar\u00f3w flag\u0119 narodow\u0105 na ogrodzenie czy budynek firmy, jak i niewielkie chor\u0105giewki do zaczepienia przy samochodzie lub trzymania w r\u0119kach podczas marszu. Niezale\u017cnie od wybranego rodzaju, spe\u0142ni\u0105 one swoj\u0105 funkcj\u0119 i pos\u0142u\u017c\u0105 Pa\u0144stwu przez wiele kolejnych lat. To solidne, estetycznie wykonane i przykuwaj\u0105ce uwag\u0119 produkty, na kt\u00f3re zdecydowa\u0142y si\u0119 ju\u017c setki Klient\u00f3w. Zapraszamy do kontaktu!<\/p>\n","protected":false},"excerpt":{"rendered":"<p>Ozdoby patriotyczne to akcesoria, kt\u00f3re podkre\u015blaj\u0105 charakter \u015bwi\u0119ta narodowego i przypominaj\u0105 nam o obchodzonej rocznicy. Flagi wywieszane w oknach, kotyliony przy marynarkach czy wst\u0105\u017cki na samochodowe lusterka \u2013 wbrew pozorom, wszystkie te dekoracje wci\u0105\u017c ciesz\u0105 si\u0119 popularno\u015bci\u0105. Materia\u0142 flagowy \u2013 czym si\u0119 charakteryzuje? Tkanina flagowa, z kt\u00f3rej wykonujemy flagi patriotyczne we Flager.pl, to materia\u0142 poliestrowy [&hellip;]<\/p>\n","protected":false},"author":2,"featured_media":161,"comment_status":"open","ping_status":"open","sticky":false,"template":"","format":"standard","meta":{"footnotes":""},"categories":[6],"tags":[18,22,21,20],"yoast_head":"<!-- This site is optimized with the Yoast SEO plugin v22.2 - https:\/\/yoast.com\/wordpress\/plugins\/seo\/ -->\n<title>Dekoracje patriotyczne z materia\u0142u flagowego \u2013 abc - Flager.pl - blog<\/title>\n<meta name=\"robots\" content=\"index, follow, max-snippet:-1, max-image-preview:large, max-video-preview:-1\" \/>\n<link rel=\"canonical\" href=\"https:\/\/flager.pl\/blog\/flagi-reklamowe\/dekoracje-patriotyczne-z-materialu-flagowego-abc\/\" \/>\n<meta property=\"og:locale\" content=\"pl_PL\" \/>\n<meta property=\"og:type\" content=\"article\" \/>\n<meta property=\"og:title\" content=\"Dekoracje patriotyczne z materia\u0142u flagowego \u2013 abc - Flager.pl - blog\" \/>\n<meta property=\"og:description\" content=\"Ozdoby patriotyczne to akcesoria, kt\u00f3re podkre\u015blaj\u0105 charakter \u015bwi\u0119ta narodowego i przypominaj\u0105 nam o obchodzonej rocznicy. Flagi wywieszane w oknach, kotyliony przy marynarkach czy wst\u0105\u017cki na samochodowe lusterka \u2013 wbrew pozorom, wszystkie te dekoracje wci\u0105\u017c ciesz\u0105 si\u0119 popularno\u015bci\u0105. Materia\u0142 flagowy \u2013 czym si\u0119 charakteryzuje? Tkanina flagowa, z kt\u00f3rej wykonujemy flagi patriotyczne we Flager.pl, to materia\u0142 poliestrowy [&hellip;]\" \/>\n<meta property=\"og:url\" content=\"https:\/\/flager.pl\/blog\/flagi-reklamowe\/dekoracje-patriotyczne-z-materialu-flagowego-abc\/\" \/>\n<meta property=\"og:site_name\" content=\"Flager.pl - blog\" \/>\n<meta property=\"article:published_time\" content=\"2022-07-15T12:00:51+00:00\" \/>\n<meta property=\"article:modified_time\" content=\"2022-07-25T10:33:21+00:00\" \/>\n<meta property=\"og:image\" content=\"https:\/\/flager.pl\/blog\/wp-content\/uploads\/2022\/07\/Dekoracje-patriotyczne-z-materiaA\u0082u-flagowego-a\u0080\u0093-abc.jpg\" \/>\n\t<meta property=\"og:image:width\" content=\"1920\" \/>\n\t<meta property=\"og:image:height\" content=\"1080\" \/>\n\t<meta property=\"og:image:type\" content=\"image\/jpeg\" \/>\n<meta name=\"author\" content=\"Setugo\" \/>\n<meta name=\"twitter:card\" content=\"summary_large_image\" \/>\n<meta name=\"twitter:label1\" content=\"Napisane przez\" \/>\n\t<meta name=\"twitter:data1\" content=\"Setugo\" \/>\n\t<meta name=\"twitter:label2\" content=\"Szacowany czas czytania\" \/>\n\t<meta name=\"twitter:data2\" content=\"4 minuty\" \/>\n<script type=\"application\/ld+json\" class=\"yoast-schema-graph\">{\"@context\":\"https:\/\/schema.org\",\"@graph\":[{\"@type\":\"WebPage\",\"@id\":\"https:\/\/flager.pl\/blog\/flagi-reklamowe\/dekoracje-patriotyczne-z-materialu-flagowego-abc\/\",\"url\":\"https:\/\/flager.pl\/blog\/flagi-reklamowe\/dekoracje-patriotyczne-z-materialu-flagowego-abc\/\",\"name\":\"Dekoracje patriotyczne z materia\u0142u flagowego \u2013 abc - Flager.pl - blog\",\"isPartOf\":{\"@id\":\"https:\/\/flager.pl\/blog\/#website\"},\"primaryImageOfPage\":{\"@id\":\"https:\/\/flager.pl\/blog\/flagi-reklamowe\/dekoracje-patriotyczne-z-materialu-flagowego-abc\/#primaryimage\"},\"image\":{\"@id\":\"https:\/\/flager.pl\/blog\/flagi-reklamowe\/dekoracje-patriotyczne-z-materialu-flagowego-abc\/#primaryimage\"},\"thumbnailUrl\":\"https:\/\/flager.pl\/blog\/wp-content\/uploads\/2022\/07\/Dekoracje-patriotyczne-z-materiaA\u0082u-flagowego-a\u0080\u0093-abc.jpg\",\"datePublished\":\"2022-07-15T12:00:51+00:00\",\"dateModified\":\"2022-07-25T10:33:21+00:00\",\"author\":{\"@id\":\"https:\/\/flager.pl\/blog\/#\/schema\/person\/d55dc323f021c0e93ef9492d3e60b863\"},\"inLanguage\":\"pl-PL\",\"potentialAction\":[{\"@type\":\"ReadAction\",\"target\":[\"https:\/\/flager.pl\/blog\/flagi-reklamowe\/dekoracje-patriotyczne-z-materialu-flagowego-abc\/\"]}]},{\"@type\":\"ImageObject\",\"inLanguage\":\"pl-PL\",\"@id\":\"https:\/\/flager.pl\/blog\/flagi-reklamowe\/dekoracje-patriotyczne-z-materialu-flagowego-abc\/#primaryimage\",\"url\":\"https:\/\/flager.pl\/blog\/wp-content\/uploads\/2022\/07\/Dekoracje-patriotyczne-z-materiaA\u0082u-flagowego-a\u0080\u0093-abc.jpg\",\"contentUrl\":\"https:\/\/flager.pl\/blog\/wp-content\/uploads\/2022\/07\/Dekoracje-patriotyczne-z-materiaA\u0082u-flagowego-a\u0080\u0093-abc.jpg\",\"width\":1920,\"height\":1080,\"caption\":\"Dekoracje patriotyczne z materia\u0142u flagowego \u2013 abc\"},{\"@type\":\"WebSite\",\"@id\":\"https:\/\/flager.pl\/blog\/#website\",\"url\":\"https:\/\/flager.pl\/blog\/\",\"name\":\"Flager.pl - blog\",\"description\":\"Flagi reklamowe, windery - blog ekspercki\",\"potentialAction\":[{\"@type\":\"SearchAction\",\"target\":{\"@type\":\"EntryPoint\",\"urlTemplate\":\"https:\/\/flager.pl\/blog\/?s={search_term_string}\"},\"query-input\":\"required name=search_term_string\"}],\"inLanguage\":\"pl-PL\"},{\"@type\":\"Person\",\"@id\":\"https:\/\/flager.pl\/blog\/#\/schema\/person\/d55dc323f021c0e93ef9492d3e60b863\",\"name\":\"Setugo\",\"image\":{\"@type\":\"ImageObject\",\"inLanguage\":\"pl-PL\",\"@id\":\"https:\/\/flager.pl\/blog\/#\/schema\/person\/image\/\",\"url\":\"https:\/\/secure.gravatar.com\/avatar\/1abd14b32c24d8b369bd39eaee141849?s=96&d=mm&r=g\",\"contentUrl\":\"https:\/\/secure.gravatar.com\/avatar\/1abd14b32c24d8b369bd39eaee141849?s=96&d=mm&r=g\",\"caption\":\"Setugo\"},\"url\":\"https:\/\/flager.pl\/blog\/author\/setugo\/\"}]}<\/script>\n<!-- \/ Yoast SEO plugin. -->","yoast_head_json":{"title":"Dekoracje patriotyczne z materia\u0142u flagowego \u2013 abc - Flager.pl - blog","robots":{"index":"index","follow":"follow","max-snippet":"max-snippet:-1","max-image-preview":"max-image-preview:large","max-video-preview":"max-video-preview:-1"},"canonical":"https:\/\/flager.pl\/blog\/flagi-reklamowe\/dekoracje-patriotyczne-z-materialu-flagowego-abc\/","og_locale":"pl_PL","og_type":"article","og_title":"Dekoracje patriotyczne z materia\u0142u flagowego \u2013 abc - Flager.pl - blog","og_description":"Ozdoby patriotyczne to akcesoria, kt\u00f3re podkre\u015blaj\u0105 charakter \u015bwi\u0119ta narodowego i przypominaj\u0105 nam o obchodzonej rocznicy. Flagi wywieszane w oknach, kotyliony przy marynarkach czy wst\u0105\u017cki na samochodowe lusterka \u2013 wbrew pozorom, wszystkie te dekoracje wci\u0105\u017c ciesz\u0105 si\u0119 popularno\u015bci\u0105. Materia\u0142 flagowy \u2013 czym si\u0119 charakteryzuje? Tkanina flagowa, z kt\u00f3rej wykonujemy flagi patriotyczne we Flager.pl, to materia\u0142 poliestrowy [&hellip;]","og_url":"https:\/\/flager.pl\/blog\/flagi-reklamowe\/dekoracje-patriotyczne-z-materialu-flagowego-abc\/","og_site_name":"Flager.pl - blog","article_published_time":"2022-07-15T12:00:51+00:00","article_modified_time":"2022-07-25T10:33:21+00:00","og_image":[{"width":1920,"height":1080,"url":"https:\/\/flager.pl\/blog\/wp-content\/uploads\/2022\/07\/Dekoracje-patriotyczne-z-materiaA\u0082u-flagowego-a\u0080\u0093-abc.jpg","type":"image\/jpeg"}],"author":"Setugo","twitter_card":"summary_large_image","twitter_misc":{"Napisane przez":"Setugo","Szacowany czas czytania":"4 minuty"},"schema":{"@context":"https:\/\/schema.org","@graph":[{"@type":"WebPage","@id":"https:\/\/flager.pl\/blog\/flagi-reklamowe\/dekoracje-patriotyczne-z-materialu-flagowego-abc\/","url":"https:\/\/flager.pl\/blog\/flagi-reklamowe\/dekoracje-patriotyczne-z-materialu-flagowego-abc\/","name":"Dekoracje patriotyczne z materia\u0142u flagowego \u2013 abc - Flager.pl - blog","isPartOf":{"@id":"https:\/\/flager.pl\/blog\/#website"},"primaryImageOfPage":{"@id":"https:\/\/flager.pl\/blog\/flagi-reklamowe\/dekoracje-patriotyczne-z-materialu-flagowego-abc\/#primaryimage"},"image":{"@id":"https:\/\/flager.pl\/blog\/flagi-reklamowe\/dekoracje-patriotyczne-z-materialu-flagowego-abc\/#primaryimage"},"thumbnailUrl":"https:\/\/flager.pl\/blog\/wp-content\/uploads\/2022\/07\/Dekoracje-patriotyczne-z-materiaA\u0082u-flagowego-a\u0080\u0093-abc.jpg","datePublished":"2022-07-15T12:00:51+00:00","dateModified":"2022-07-25T10:33:21+00:00","author":{"@id":"https:\/\/flager.pl\/blog\/#\/schema\/person\/d55dc323f021c0e93ef9492d3e60b863"},"inLanguage":"pl-PL","potentialAction":[{"@type":"ReadAction","target":["https:\/\/flager.pl\/blog\/flagi-reklamowe\/dekoracje-patriotyczne-z-materialu-flagowego-abc\/"]}]},{"@type":"ImageObject","inLanguage":"pl-PL","@id":"https:\/\/flager.pl\/blog\/flagi-reklamowe\/dekoracje-patriotyczne-z-materialu-flagowego-abc\/#primaryimage","url":"https:\/\/flager.pl\/blog\/wp-content\/uploads\/2022\/07\/Dekoracje-patriotyczne-z-materiaA\u0082u-flagowego-a\u0080\u0093-abc.jpg","contentUrl":"https:\/\/flager.pl\/blog\/wp-content\/uploads\/2022\/07\/Dekoracje-patriotyczne-z-materiaA\u0082u-flagowego-a\u0080\u0093-abc.jpg","width":1920,"height":1080,"caption":"Dekoracje patriotyczne z materia\u0142u flagowego \u2013 abc"},{"@type":"WebSite","@id":"https:\/\/flager.pl\/blog\/#website","url":"https:\/\/flager.pl\/blog\/","name":"Flager.pl - blog","description":"Flagi reklamowe, windery - blog ekspercki","potentialAction":[{"@type":"SearchAction","target":{"@type":"EntryPoint","urlTemplate":"https:\/\/flager.pl\/blog\/?s={search_term_string}"},"query-input":"required name=search_term_string"}],"inLanguage":"pl-PL"},{"@type":"Person","@id":"https:\/\/flager.pl\/blog\/#\/schema\/person\/d55dc323f021c0e93ef9492d3e60b863","name":"Setugo","image":{"@type":"ImageObject","inLanguage":"pl-PL","@id":"https:\/\/flager.pl\/blog\/#\/schema\/person\/image\/","url":"https:\/\/secure.gravatar.com\/avatar\/1abd14b32c24d8b369bd39eaee141849?s=96&d=mm&r=g","contentUrl":"https:\/\/secure.gravatar.com\/avatar\/1abd14b32c24d8b369bd39eaee141849?s=96&d=mm&r=g","caption":"Setugo"},"url":"https:\/\/flager.pl\/blog\/author\/setugo\/"}]}},"_links":{"self":[{"href":"https:\/\/flager.pl\/blog\/wp-json\/wp\/v2\/posts\/158"}],"collection":[{"href":"https:\/\/flager.pl\/blog\/wp-json\/wp\/v2\/posts"}],"about":[{"href":"https:\/\/flager.pl\/blog\/wp-json\/wp\/v2\/types\/post"}],"author":[{"embeddable":true,"href":"https:\/\/flager.pl\/blog\/wp-json\/wp\/v2\/users\/2"}],"replies":[{"embeddable":true,"href":"https:\/\/flager.pl\/blog\/wp-json\/wp\/v2\/comments?post=158"}],"version-history":[{"count":1,"href":"https:\/\/flager.pl\/blog\/wp-json\/wp\/v2\/posts\/158\/revisions"}],"predecessor-version":[{"id":162,"href":"https:\/\/flager.pl\/blog\/wp-json\/wp\/v2\/posts\/158\/revisions\/162"}],"wp:featuredmedia":[{"embeddable":true,"href":"https:\/\/flager.pl\/blog\/wp-json\/wp\/v2\/media\/161"}],"wp:attachment":[{"href":"https:\/\/flager.pl\/blog\/wp-json\/wp\/v2\/media?parent=158"}],"wp:term":[{"taxonomy":"category","embeddable":true,"href":"https:\/\/flager.pl\/blog\/wp-json\/wp\/v2\/categories?post=158"},{"taxonomy":"post_tag","embeddable":true,"href":"https:\/\/flager.pl\/blog\/wp-json\/wp\/v2\/tags?post=158"}],"curies":[{"name":"wp","href":"https:\/\/api.w.org\/{rel}","templated":true}]}}