{"id":164,"date":"2022-09-19T12:00:55","date_gmt":"2022-09-19T12:00:55","guid":{"rendered":"https:\/\/flager.pl\/blog\/?p=164"},"modified":"2022-09-19T15:39:27","modified_gmt":"2022-09-19T15:39:27","slug":"etykieta-flagowa-w-pigulce","status":"publish","type":"post","link":"https:\/\/flager.pl\/blog\/flagi-reklamowe\/etykieta-flagowa-w-pigulce\/","title":{"rendered":"Etykieta flagowa w pigu\u0142ce"},"content":{"rendered":"<p style=\"text-align: justify\"><strong>Flaga Rzeczypospolitej Polskiej to jeden z najwa\u017cniejszych symboli naszego kraju. Spos\u00f3b post\u0119powania z flag\u0105 i jej eksponowania ustalony zosta\u0142 w tzw. etykiecie flagowej. Wynika ona z ceremonia\u0142u okre\u015blonego regu\u0142ami protoko\u0142u dyplomatycznego. To bardzo wa\u017cne, aby ka\u017cdy z obywateli zna\u0142 podstawowe zasady obchodzenia si\u0119 z flag\u0105 narodow\u0105.<\/strong><\/p>\n<h2 style=\"text-align: justify\">Flaga pa\u0144stwowa RP bez god\u0142a<\/h2>\n<p style=\"text-align: justify\">W ustawie o godle, barwach i hymnie Rzeczypospolitej Polskiej oraz o piecz\u0119ciach pa\u0144stwowych okre\u015blone zosta\u0142y dwa typy flag naszego pa\u0144stwa. Pierwsza z nich to flaga pa\u0144stwowa Rzeczypospolitej Polskiej, z kolei druga \u2013 flaga pa\u0144stwowa z god\u0142em Rzeczypospolitej Polskiej. Flaga bez god\u0142a najcz\u0119\u015bciej podnoszona jest przed lub na budynkach b\u0119d\u0105cych siedzibami urz\u0119dowymi b\u0105d\u017a miejscem obrad Prezydenta Rzeczypospolitej Polskiej, Rady Ministra i jej Prezesa czy Sejmu i Senatu. Widnieje ona tak\u017ce przed budynkami,<br \/>\nw kt\u00f3rych odbywaj\u0105 si\u0119 obrady organ\u00f3w samorz\u0105du terytorialnego, administracji rz\u0105dowej oraz innych organ\u00f3w pa\u0144stwowych czy pa\u0144stwowych jednostek organizacyjnych. Ponadto podnosi si\u0119 j\u0105 przed miejscami obrad samorz\u0105dowych jednostek organizacyjnych oraz organ\u00f3w jednostek samorz\u0105du terytorialnego. Mo\u017cemy zauwa\u017cy\u0107 j\u0105 r\u00f3wnie\u017c na polskich statkach \u017ceglugi \u015br\u00f3dl\u0105dowej. Flag\u0119 pa\u0144stwow\u0105 Rzeczypospolitej Polskiej bez god\u0142a wywiesza si\u0119 z okazji rocznic, \u015bwi\u0105t pa\u0144stwowych i r\u00f3\u017cnego rodzaju uroczysto\u015bci. Mo\u017cna podnosi\u0107 j\u0105 tak\u017ce w innych lokalizacjach ni\u017c wymienione, o ile b\u0119dzie ona otaczana szacunkiem i czci\u0105.<\/p>\n<h2 style=\"text-align: justify\">Flaga pa\u0144stwowa RP z god\u0142em<\/h2>\n<p style=\"text-align: justify\">Flag\u0119 pa\u0144stwow\u0105 Rzeczypospolitej Polskiej z god\u0142em w postaci or\u0142a podnosi si\u0119 w nieco innych miejscach oraz sytuacjach ni\u017c t\u0119 bez god\u0142a. To m.in. urz\u0119dy konsularne, przedstawicielstwa dyplomatyczne i inne oficjalne przedstawicielstwa polskie oraz misje znajduj\u0105ce si\u0119 za granic\u0105 \u2013 flagi stawiane s\u0105 przed ich siedzibami urz\u0119dowymi, w rezydencjach kierownik\u00f3w urz\u0119d\u00f3w, misji i przedstawicielstw. Co wi\u0119cej, flag\u0119 pa\u0144stwow\u0105 RP z god\u0142em Polski zobaczymy na polskich statkach morskich, cywilnych samolotach w trakcie zagranicznych lot\u00f3w, cywilnych lotniskach czy budynkach b\u0119d\u0105cych siedzibami urz\u0119dowymi kapitanat\u00f3w.<\/p>\n<h2 style=\"text-align: justify\">Flaga osobista prezydenta RP<\/h2>\n<p style=\"text-align: justify\">Poza flag\u0105 pa\u0144stwow\u0105 RP z god\u0142em i bez niego wyr\u00f3\u017cniamy tak\u017ce flag\u0119 osobist\u0105 prezydenta, kt\u00f3ra ma na celu podkre\u015blenie jego pozycji. Dawniej traktowano j\u0105 jako chor\u0105giew naszego pa\u0144stwa. To orze\u0142 bia\u0142y w czerwonym polu w kszta\u0142cie prostok\u0105ta \u2013 wzd\u0142u\u017c kraw\u0119dzi jest on dodatkowo zdobiony srebrnym generalskim w\u0119\u017cykiem. Aktualnie osobisty proporzec prezydenta wykorzystuje si\u0119 w ceremoniale wojskowym \u2013 stanowi on symbol zwierzchnika polskich si\u0142 zbrojnych.<\/p>\n<h2 style=\"text-align: justify\">Post\u0119powanie z flag\u0105 \u2013 og\u00f3lne zasady<\/h2>\n<p style=\"text-align: justify\">Najwa\u017cniejsz\u0105 zasad\u0105 dotycz\u0105c\u0105 obchodzenia si\u0119 z flag\u0105 Rzeczypospolitej Polskiej jest obdarzanie jej szacunkiem oraz czci\u0105 \u2013 to obowi\u0105zek i prawo obywateli Polski, organ\u00f3w pa\u0144stwowych, instytucji oraz organizacji. Je\u017celi jest ona podnoszona na zewn\u0105trz, powinien by\u0107 to okres od \u015bwitu do zachodu s\u0142o\u0144ca \u2013 noc\u0105 flaga mo\u017ce wisie\u0107 wy\u0142\u0105cznie wtedy, gdy zostanie w odpowiedni spos\u00f3b pod\u015bwietlona. Co wi\u0119cej, flagi RP nie powinno si\u0119 wywiesza\u0107 przy mocnych podmuchach wiatru, podczas deszczu czy silnych opad\u00f3w \u015bniegu. Musi ona by\u0107 czysta i nie mo\u017ce posiada\u0107 \u017cadnych \u015blad\u00f3w zniszczenia \u2013 r\u00f3wnie\u017c w postaci wyp\u0142owia\u0142ych kolor\u00f3w czy dodatkowych rysunk\u00f3w b\u0105d\u017a napis\u00f3w. Co istotne, flagi Rzeczypospolitej Polskiej nie wolno wywiesza\u0107 w taki spos\u00f3b, aby dotyka\u0142a pod\u0142ogi, wody lub bruku.<\/p>\n<h2 style=\"text-align: justify\">Sposoby eksponowania flagi<\/h2>\n<p style=\"text-align: justify\">Flaga Rzeczypospolitej Polskiej musi by\u0107 eksponowana w odpowiedni spos\u00f3b, jasno okre\u015blony w etykiecie flagowej. Powinna ona widnie\u0107 na sko\u015bnym b\u0105d\u017a pionowym maszcie, a je\u015bli flag jest kilka \u2013 wszystkie musz\u0105 by\u0107 tej samej wysoko\u015bci i posiada\u0107 te same wymiary. Co wa\u017cne, na jednym maszcie nie mo\u017ce znajdowa\u0107 si\u0119 wi\u0119cej ni\u017c jedna flaga. Ponadto odleg\u0142o\u015b\u0107 mi\u0119dzy poszczeg\u00f3lnymi masztami to minimum 1\/5 wysoko\u015bci ca\u0142ego masztu. Flaga RP mo\u017ce by\u0107 tak\u017ce wywieszana na balkonie lub oknie przy u\u017cyciu dr\u0105\u017cka, zawieszona pionowo na linie \u2013 mi\u0119dzy dwoma budynkami czy te\u017c zatkni\u0119ta na dr\u0105\u017cku i przymocowana na skos na \u015bcianie, poje\u017adzie komunikacji miejskiej b\u0105d\u017a latarni. Flag\u0119 mo\u017cna r\u00f3wnie\u017c nosi\u0107 na drzewcu podczas r\u00f3\u017cnego rodzaju pochod\u00f3w, przymocowa\u0107 j\u0105 na pr\u0119cie do prawego przedniego b\u0142otnika w samochodzie, umie\u015bci\u0107 w specjalnej podstawie w gabinecie b\u0105d\u017a sali, a tak\u017ce \u2013 ustawi\u0107 na stole przy pomocy pr\u0119ta i podstawki czy na podium po prawej stronie m\u00f3wnicy. Flag\u0119 Rzeczypospolitej Polskiej eksponuje si\u0119 r\u00f3wnie\u017c w krytych obiektach sportowych, np. halach, mocuj\u0105c jej g\u00f3rny skraj do poziomej listwy w ich wn\u0119trzu.<\/p>\n<h2 style=\"text-align: justify\">Zasada starsze\u0144stwa<\/h2>\n<p style=\"text-align: justify\">U\u017cywaj\u0105c flagi, nale\u017cy post\u0119powa\u0107 zgodnie z tzw. zasad\u0105 starsze\u0144stwa. Co to oznacza? Insygnia pa\u0144stwowe zajmuj\u0105 honorowe miejsce przed symbolami ni\u017cszej rangi i w\u0142a\u015bnie w taki spos\u00f3b powinny by\u0107 traktowane. Mo\u017cna r\u00f3wnie\u017c umieszcza\u0107 je w\u015br\u00f3d symboli o takiej samej randze \u2013 zgodnie z kolejno\u015bci\u0105 wyznaczon\u0105 przez precedensj\u0119, czyli porz\u0105dek pierwsze\u0144stwa. Jak zatem prawid\u0142owo post\u0119powa\u0107 z flag\u0105 RP? Kieruj\u0105c si\u0119 zasad\u0105 opisywania flag oraz herb\u00f3w odwrotnie, ni\u017c widz\u0105 je osoby patrz\u0105ce z zewn\u0105trz. Flag\u0119 nale\u017cy zatem \u201eczyta\u0107\u201d z g\u00f3ry na d\u00f3\u0142 oraz od lewej do prawej. Barwa bia\u0142a powinna zawsze widnie\u0107 nad czerwon\u0105, z kolei je\u015bli flaga jest wywieszona pionowo na obracaj\u0105cym si\u0119 wok\u00f3\u0142 masztu dr\u0105\u017cku \u2013 kolor bia\u0142y musi znajdowa\u0107 si\u0119 po stronie drzewca. W sytuacji, kiedy flag\u0119 Polski k\u0142adzie si\u0119 na trumnie osoby zmar\u0142ej, bia\u0142y kolor powinien natomiast znajdowa\u0107 si\u0119 wy\u017cej ni\u017c jej serce.<\/p>\n<h2 style=\"text-align: justify\">Flaga RP a towarzystwo innych flag pa\u0144stwowych<\/h2>\n<p style=\"text-align: justify\">Na terenie naszego kraju flaga pa\u0144stwowa Rzeczypospolitej Polskiej ma pierwsze\u0144stwo przed wszystkimi pozosta\u0142ymi flagami. W zwi\u0105zku z tym zawsze powinna ona znajdowa\u0107 si\u0119 na miejscu honorowym. Je\u017celi ma wisie\u0107 w towarzystwie flag innych pa\u0144stw, musi by\u0107 wywieszona na pierwszym miejscu po lewej stronie. Po prawej stronie widniej\u0105 natomiast w\u00f3wczas nast\u0119pne flagi pa\u0144stw suwerennych, u\u0142o\u017cone w kolejno\u015bci alfabetycznej nazw.<\/p>\n<p style=\"text-align: justify\">Flager.pl wykonuje na zam\u00f3wienie flagi pa\u0144stwowe wyr\u00f3\u017cniaj\u0105ce si\u0119 du\u017c\u0105 trwa\u0142o\u015bci\u0105 oraz odporno\u015bci\u0105 na zagniecenia i uszkodzenia. To zar\u00f3wno flagi na maszt, jak i te przeznaczone do mocowania na drzewcach. Ponadto, zajmujemy si\u0119 produkcj\u0105 winder\u00f3w reklamowych, flag sportowych oraz transparent\u00f3w. Zapraszamy do kontaktu!<\/p>\n","protected":false},"excerpt":{"rendered":"<p>Flaga Rzeczypospolitej Polskiej to jeden z najwa\u017cniejszych symboli naszego kraju. Spos\u00f3b post\u0119powania z flag\u0105 i jej eksponowania ustalony zosta\u0142 w tzw. etykiecie flagowej. Wynika ona z ceremonia\u0142u okre\u015blonego regu\u0142ami protoko\u0142u dyplomatycznego. To bardzo wa\u017cne, aby ka\u017cdy z obywateli zna\u0142 podstawowe zasady obchodzenia si\u0119 z flag\u0105 narodow\u0105. Flaga pa\u0144stwowa RP bez god\u0142a W ustawie o godle, [&hellip;]<\/p>\n","protected":false},"author":2,"featured_media":165,"comment_status":"open","ping_status":"open","sticky":false,"template":"","format":"standard","meta":{"footnotes":""},"categories":[6],"tags":[24,23,7,18],"yoast_head":"<!-- This site is optimized with the Yoast SEO plugin v22.2 - https:\/\/yoast.com\/wordpress\/plugins\/seo\/ -->\n<title>Etykieta flagowa w pigu\u0142ce - Flager.pl - blog<\/title>\n<meta name=\"robots\" content=\"index, follow, max-snippet:-1, max-image-preview:large, max-video-preview:-1\" \/>\n<link rel=\"canonical\" href=\"https:\/\/flager.pl\/blog\/flagi-reklamowe\/etykieta-flagowa-w-pigulce\/\" \/>\n<meta property=\"og:locale\" content=\"pl_PL\" \/>\n<meta property=\"og:type\" content=\"article\" \/>\n<meta property=\"og:title\" content=\"Etykieta flagowa w pigu\u0142ce - Flager.pl - blog\" \/>\n<meta property=\"og:description\" content=\"Flaga Rzeczypospolitej Polskiej to jeden z najwa\u017cniejszych symboli naszego kraju. Spos\u00f3b post\u0119powania z flag\u0105 i jej eksponowania ustalony zosta\u0142 w tzw. etykiecie flagowej. Wynika ona z ceremonia\u0142u okre\u015blonego regu\u0142ami protoko\u0142u dyplomatycznego. To bardzo wa\u017cne, aby ka\u017cdy z obywateli zna\u0142 podstawowe zasady obchodzenia si\u0119 z flag\u0105 narodow\u0105. Flaga pa\u0144stwowa RP bez god\u0142a W ustawie o godle, [&hellip;]\" \/>\n<meta property=\"og:url\" content=\"https:\/\/flager.pl\/blog\/flagi-reklamowe\/etykieta-flagowa-w-pigulce\/\" \/>\n<meta property=\"og:site_name\" content=\"Flager.pl - blog\" \/>\n<meta property=\"article:published_time\" content=\"2022-09-19T12:00:55+00:00\" \/>\n<meta property=\"article:modified_time\" content=\"2022-09-19T15:39:27+00:00\" \/>\n<meta property=\"og:image\" content=\"https:\/\/flager.pl\/blog\/wp-content\/uploads\/2022\/09\/Etykieta-flagowa-w-piguA\u0082ce.jpg\" \/>\n\t<meta property=\"og:image:width\" content=\"1920\" \/>\n\t<meta property=\"og:image:height\" content=\"1080\" \/>\n\t<meta property=\"og:image:type\" content=\"image\/jpeg\" \/>\n<meta name=\"author\" content=\"Setugo\" \/>\n<meta name=\"twitter:card\" content=\"summary_large_image\" \/>\n<meta name=\"twitter:label1\" content=\"Napisane przez\" \/>\n\t<meta name=\"twitter:data1\" content=\"Setugo\" \/>\n\t<meta name=\"twitter:label2\" content=\"Szacowany czas czytania\" \/>\n\t<meta name=\"twitter:data2\" content=\"5 minut\" \/>\n<script type=\"application\/ld+json\" class=\"yoast-schema-graph\">{\"@context\":\"https:\/\/schema.org\",\"@graph\":[{\"@type\":\"WebPage\",\"@id\":\"https:\/\/flager.pl\/blog\/flagi-reklamowe\/etykieta-flagowa-w-pigulce\/\",\"url\":\"https:\/\/flager.pl\/blog\/flagi-reklamowe\/etykieta-flagowa-w-pigulce\/\",\"name\":\"Etykieta flagowa w pigu\u0142ce - Flager.pl - blog\",\"isPartOf\":{\"@id\":\"https:\/\/flager.pl\/blog\/#website\"},\"primaryImageOfPage\":{\"@id\":\"https:\/\/flager.pl\/blog\/flagi-reklamowe\/etykieta-flagowa-w-pigulce\/#primaryimage\"},\"image\":{\"@id\":\"https:\/\/flager.pl\/blog\/flagi-reklamowe\/etykieta-flagowa-w-pigulce\/#primaryimage\"},\"thumbnailUrl\":\"https:\/\/flager.pl\/blog\/wp-content\/uploads\/2022\/09\/Etykieta-flagowa-w-piguA\u0082ce.jpg\",\"datePublished\":\"2022-09-19T12:00:55+00:00\",\"dateModified\":\"2022-09-19T15:39:27+00:00\",\"author\":{\"@id\":\"https:\/\/flager.pl\/blog\/#\/schema\/person\/d55dc323f021c0e93ef9492d3e60b863\"},\"inLanguage\":\"pl-PL\",\"potentialAction\":[{\"@type\":\"ReadAction\",\"target\":[\"https:\/\/flager.pl\/blog\/flagi-reklamowe\/etykieta-flagowa-w-pigulce\/\"]}]},{\"@type\":\"ImageObject\",\"inLanguage\":\"pl-PL\",\"@id\":\"https:\/\/flager.pl\/blog\/flagi-reklamowe\/etykieta-flagowa-w-pigulce\/#primaryimage\",\"url\":\"https:\/\/flager.pl\/blog\/wp-content\/uploads\/2022\/09\/Etykieta-flagowa-w-piguA\u0082ce.jpg\",\"contentUrl\":\"https:\/\/flager.pl\/blog\/wp-content\/uploads\/2022\/09\/Etykieta-flagowa-w-piguA\u0082ce.jpg\",\"width\":1920,\"height\":1080,\"caption\":\"Etykieta flagowa w pigu\u0142ce\"},{\"@type\":\"WebSite\",\"@id\":\"https:\/\/flager.pl\/blog\/#website\",\"url\":\"https:\/\/flager.pl\/blog\/\",\"name\":\"Flager.pl - blog\",\"description\":\"Flagi reklamowe, windery - blog ekspercki\",\"potentialAction\":[{\"@type\":\"SearchAction\",\"target\":{\"@type\":\"EntryPoint\",\"urlTemplate\":\"https:\/\/flager.pl\/blog\/?s={search_term_string}\"},\"query-input\":\"required name=search_term_string\"}],\"inLanguage\":\"pl-PL\"},{\"@type\":\"Person\",\"@id\":\"https:\/\/flager.pl\/blog\/#\/schema\/person\/d55dc323f021c0e93ef9492d3e60b863\",\"name\":\"Setugo\",\"image\":{\"@type\":\"ImageObject\",\"inLanguage\":\"pl-PL\",\"@id\":\"https:\/\/flager.pl\/blog\/#\/schema\/person\/image\/\",\"url\":\"https:\/\/secure.gravatar.com\/avatar\/1abd14b32c24d8b369bd39eaee141849?s=96&d=mm&r=g\",\"contentUrl\":\"https:\/\/secure.gravatar.com\/avatar\/1abd14b32c24d8b369bd39eaee141849?s=96&d=mm&r=g\",\"caption\":\"Setugo\"},\"url\":\"https:\/\/flager.pl\/blog\/author\/setugo\/\"}]}<\/script>\n<!-- \/ Yoast SEO plugin. -->","yoast_head_json":{"title":"Etykieta flagowa w pigu\u0142ce - Flager.pl - blog","robots":{"index":"index","follow":"follow","max-snippet":"max-snippet:-1","max-image-preview":"max-image-preview:large","max-video-preview":"max-video-preview:-1"},"canonical":"https:\/\/flager.pl\/blog\/flagi-reklamowe\/etykieta-flagowa-w-pigulce\/","og_locale":"pl_PL","og_type":"article","og_title":"Etykieta flagowa w pigu\u0142ce - Flager.pl - blog","og_description":"Flaga Rzeczypospolitej Polskiej to jeden z najwa\u017cniejszych symboli naszego kraju. Spos\u00f3b post\u0119powania z flag\u0105 i jej eksponowania ustalony zosta\u0142 w tzw. etykiecie flagowej. Wynika ona z ceremonia\u0142u okre\u015blonego regu\u0142ami protoko\u0142u dyplomatycznego. To bardzo wa\u017cne, aby ka\u017cdy z obywateli zna\u0142 podstawowe zasady obchodzenia si\u0119 z flag\u0105 narodow\u0105. Flaga pa\u0144stwowa RP bez god\u0142a W ustawie o godle, [&hellip;]","og_url":"https:\/\/flager.pl\/blog\/flagi-reklamowe\/etykieta-flagowa-w-pigulce\/","og_site_name":"Flager.pl - blog","article_published_time":"2022-09-19T12:00:55+00:00","article_modified_time":"2022-09-19T15:39:27+00:00","og_image":[{"width":1920,"height":1080,"url":"https:\/\/flager.pl\/blog\/wp-content\/uploads\/2022\/09\/Etykieta-flagowa-w-piguA\u0082ce.jpg","type":"image\/jpeg"}],"author":"Setugo","twitter_card":"summary_large_image","twitter_misc":{"Napisane przez":"Setugo","Szacowany czas czytania":"5 minut"},"schema":{"@context":"https:\/\/schema.org","@graph":[{"@type":"WebPage","@id":"https:\/\/flager.pl\/blog\/flagi-reklamowe\/etykieta-flagowa-w-pigulce\/","url":"https:\/\/flager.pl\/blog\/flagi-reklamowe\/etykieta-flagowa-w-pigulce\/","name":"Etykieta flagowa w pigu\u0142ce - Flager.pl - blog","isPartOf":{"@id":"https:\/\/flager.pl\/blog\/#website"},"primaryImageOfPage":{"@id":"https:\/\/flager.pl\/blog\/flagi-reklamowe\/etykieta-flagowa-w-pigulce\/#primaryimage"},"image":{"@id":"https:\/\/flager.pl\/blog\/flagi-reklamowe\/etykieta-flagowa-w-pigulce\/#primaryimage"},"thumbnailUrl":"https:\/\/flager.pl\/blog\/wp-content\/uploads\/2022\/09\/Etykieta-flagowa-w-piguA\u0082ce.jpg","datePublished":"2022-09-19T12:00:55+00:00","dateModified":"2022-09-19T15:39:27+00:00","author":{"@id":"https:\/\/flager.pl\/blog\/#\/schema\/person\/d55dc323f021c0e93ef9492d3e60b863"},"inLanguage":"pl-PL","potentialAction":[{"@type":"ReadAction","target":["https:\/\/flager.pl\/blog\/flagi-reklamowe\/etykieta-flagowa-w-pigulce\/"]}]},{"@type":"ImageObject","inLanguage":"pl-PL","@id":"https:\/\/flager.pl\/blog\/flagi-reklamowe\/etykieta-flagowa-w-pigulce\/#primaryimage","url":"https:\/\/flager.pl\/blog\/wp-content\/uploads\/2022\/09\/Etykieta-flagowa-w-piguA\u0082ce.jpg","contentUrl":"https:\/\/flager.pl\/blog\/wp-content\/uploads\/2022\/09\/Etykieta-flagowa-w-piguA\u0082ce.jpg","width":1920,"height":1080,"caption":"Etykieta flagowa w pigu\u0142ce"},{"@type":"WebSite","@id":"https:\/\/flager.pl\/blog\/#website","url":"https:\/\/flager.pl\/blog\/","name":"Flager.pl - blog","description":"Flagi reklamowe, windery - blog ekspercki","potentialAction":[{"@type":"SearchAction","target":{"@type":"EntryPoint","urlTemplate":"https:\/\/flager.pl\/blog\/?s={search_term_string}"},"query-input":"required name=search_term_string"}],"inLanguage":"pl-PL"},{"@type":"Person","@id":"https:\/\/flager.pl\/blog\/#\/schema\/person\/d55dc323f021c0e93ef9492d3e60b863","name":"Setugo","image":{"@type":"ImageObject","inLanguage":"pl-PL","@id":"https:\/\/flager.pl\/blog\/#\/schema\/person\/image\/","url":"https:\/\/secure.gravatar.com\/avatar\/1abd14b32c24d8b369bd39eaee141849?s=96&d=mm&r=g","contentUrl":"https:\/\/secure.gravatar.com\/avatar\/1abd14b32c24d8b369bd39eaee141849?s=96&d=mm&r=g","caption":"Setugo"},"url":"https:\/\/flager.pl\/blog\/author\/setugo\/"}]}},"_links":{"self":[{"href":"https:\/\/flager.pl\/blog\/wp-json\/wp\/v2\/posts\/164"}],"collection":[{"href":"https:\/\/flager.pl\/blog\/wp-json\/wp\/v2\/posts"}],"about":[{"href":"https:\/\/flager.pl\/blog\/wp-json\/wp\/v2\/types\/post"}],"author":[{"embeddable":true,"href":"https:\/\/flager.pl\/blog\/wp-json\/wp\/v2\/users\/2"}],"replies":[{"embeddable":true,"href":"https:\/\/flager.pl\/blog\/wp-json\/wp\/v2\/comments?post=164"}],"version-history":[{"count":1,"href":"https:\/\/flager.pl\/blog\/wp-json\/wp\/v2\/posts\/164\/revisions"}],"predecessor-version":[{"id":166,"href":"https:\/\/flager.pl\/blog\/wp-json\/wp\/v2\/posts\/164\/revisions\/166"}],"wp:featuredmedia":[{"embeddable":true,"href":"https:\/\/flager.pl\/blog\/wp-json\/wp\/v2\/media\/165"}],"wp:attachment":[{"href":"https:\/\/flager.pl\/blog\/wp-json\/wp\/v2\/media?parent=164"}],"wp:term":[{"taxonomy":"category","embeddable":true,"href":"https:\/\/flager.pl\/blog\/wp-json\/wp\/v2\/categories?post=164"},{"taxonomy":"post_tag","embeddable":true,"href":"https:\/\/flager.pl\/blog\/wp-json\/wp\/v2\/tags?post=164"}],"curies":[{"name":"wp","href":"https:\/\/api.w.org\/{rel}","templated":true}]}}